{"id":14671,"date":"2026-04-23T23:04:48","date_gmt":"2026-04-23T21:04:48","guid":{"rendered":"https:\/\/mamyprawa.org\/?p=14671"},"modified":"2026-04-25T13:55:36","modified_gmt":"2026-04-25T11:55:36","slug":"ogloszenie-o-naborze-uczestnikow","status":"publish","type":"post","link":"https:\/\/mamyprawa.org\/?p=14671","title":{"rendered":"OG\u0141OSZENIE O NABORZE UCZESTNIK\u00d3W"},"content":{"rendered":"\t\t<div data-elementor-type=\"wp-post\" data-elementor-id=\"14671\" class=\"elementor elementor-14671\">\n\t\t\t\t\t\t<section class=\"elementor-section elementor-top-section elementor-element elementor-element-7977067 elementor-section-boxed elementor-section-height-default elementor-section-height-default\" data-id=\"7977067\" data-element_type=\"section\">\n\t\t\t\t\t\t<div class=\"elementor-container elementor-column-gap-extended\">\n\t\t\t\t\t<div class=\"elementor-column elementor-col-100 elementor-top-column elementor-element elementor-element-33c6f62\" data-id=\"33c6f62\" data-element_type=\"column\">\n\t\t\t<div class=\"elementor-widget-wrap elementor-element-populated\">\n\t\t\t\t<div class=\"elementor-element elementor-element-5c5465a e-con-full e-flex e-con e-child\" data-id=\"5c5465a\" data-element_type=\"container\">\n\t\t<div class=\"elementor-element elementor-element-3fa27c2 e-con-full e-flex e-con e-child\" data-id=\"3fa27c2\" data-element_type=\"container\">\n\t\t\t\t<div class=\"elementor-element elementor-element-93f5919 elementor-widget elementor-widget-heading\" data-id=\"93f5919\" data-element_type=\"widget\" data-settings=\"{&quot;ekit_we_effect_on&quot;:&quot;none&quot;}\" data-widget_type=\"heading.default\">\n\t\t\t\t<div class=\"elementor-widget-container\">\n\t\t\t<style>\/*! elementor - v3.21.0 - 08-05-2024 *\/\n.elementor-heading-title{padding:0;margin:0;line-height:1}.elementor-widget-heading .elementor-heading-title[class*=elementor-size-]>a{color:inherit;font-size:inherit;line-height:inherit}.elementor-widget-heading .elementor-heading-title.elementor-size-small{font-size:15px}.elementor-widget-heading .elementor-heading-title.elementor-size-medium{font-size:19px}.elementor-widget-heading .elementor-heading-title.elementor-size-large{font-size:29px}.elementor-widget-heading .elementor-heading-title.elementor-size-xl{font-size:39px}.elementor-widget-heading .elementor-heading-title.elementor-size-xxl{font-size:59px}<\/style><p class=\"elementor-heading-title elementor-size-default\">woj. mazowieckie<\/p>\t\t<\/div>\n\t\t\t\t<\/div>\n\t\t\t\t<div class=\"elementor-element elementor-element-9765407 elementor-widget elementor-widget-heading\" data-id=\"9765407\" data-element_type=\"widget\" data-settings=\"{&quot;ekit_we_effect_on&quot;:&quot;none&quot;}\" data-widget_type=\"heading.default\">\n\t\t\t\t<div class=\"elementor-widget-container\">\n\t\t\t<p class=\"elementor-heading-title elementor-size-default\">Warto\u015b\u0107 projektu: 623 701,12 z\u0142<\/p>\t\t<\/div>\n\t\t\t\t<\/div>\n\t\t\t\t<\/div>\n\t\t\t\t<div class=\"elementor-element elementor-element-0a3ba82 elementor-widget elementor-widget-heading\" data-id=\"0a3ba82\" data-element_type=\"widget\" data-settings=\"{&quot;ekit_we_effect_on&quot;:&quot;none&quot;}\" data-widget_type=\"heading.default\">\n\t\t\t\t<div class=\"elementor-widget-container\">\n\t\t\t<p class=\"elementor-heading-title elementor-size-default\">Realizacja: 01.01.2026 - 31.12.2026 r<\/p>\t\t<\/div>\n\t\t\t\t<\/div>\n\t\t\t\t<div class=\"elementor-element elementor-element-deca32c elementor-widget elementor-widget-heading\" data-id=\"deca32c\" data-element_type=\"widget\" data-settings=\"{&quot;ekit_we_effect_on&quot;:&quot;none&quot;}\" data-widget_type=\"heading.default\">\n\t\t\t\t<div class=\"elementor-widget-container\">\n\t\t\t<h3 class=\"elementor-heading-title elementor-size-default\">Nab\u00f3r uczestnik\u00f3w do projektu<br>\u201eLAP \u2013 Lokalna Akademia Podstaw\u201d<\/h3>\t\t<\/div>\n\t\t\t\t<\/div>\n\t\t\t\t<div class=\"elementor-element elementor-element-eccb675 elementor-widget elementor-widget-heading\" data-id=\"eccb675\" data-element_type=\"widget\" data-settings=\"{&quot;ekit_we_effect_on&quot;:&quot;none&quot;}\" data-widget_type=\"heading.default\">\n\t\t\t\t<div class=\"elementor-widget-container\">\n\t\t\t<p class=\"elementor-heading-title elementor-size-default\">Fundacja \u201eMamy Prawa\u201d zaprasza do udzia\u0142u w projekcie <strong>\u201eLAP \u2013 Lokalna Akademia Podstaw\u201d<\/strong>, wsp\u00f3\u0142finansowanym ze \u015brodk\u00f3w Europejskiego Funduszu Spo\u0142ecznego Plus w&nbsp;ramach programu <strong>Fundusze Europejskie dla Mazowsza 2021\u20132027<\/strong>.<br><br>\n\nProjekt realizowany jest w&nbsp;okresie <strong>01.01.2026 r. \u2013 31.12.2026 r.<\/strong> i&nbsp;skierowany jest do os\u00f3b doros\u0142ych z&nbsp;wojew\u00f3dztwa mazowieckiego, kt\u00f3re chc\u0105 podnie\u015b\u0107 swoje umiej\u0119tno\u015bci podstawowe.<br><br>\n\n<strong>Kto mo\u017ce wzi\u0105\u0107 udzia\u0142?<\/strong><br><br>\n\nUczestnikiem projektu mo\u017ce zosta\u0107 osoba, kt\u00f3ra spe\u0142nia \u0142\u0105cznie nast\u0119puj\u0105ce warunki:<br><br>\n\n\u2022&nbsp;&nbsp;ma uko\u0144czone <strong>18 lat<\/strong>,<br>\n\u2022&nbsp;&nbsp;zamieszkuje na terenie woj. mazowieckiego \u2013 w&nbsp;szczeg\u00f3lno\u015bci na obszarze gmin: Jastrz\u0119bia, Pionki (miasto i&nbsp;gmina), Jedlnia-Letnisko, G\u00f3zd, Tcz\u00f3w, Kazan\u00f3w, Ciepiel\u00f3w, Zwole\u0144, Policzna, Przy\u0142\u0119k,<br>\n\u2022&nbsp;&nbsp;posiada niskie umiej\u0119tno\u015bci podstawowe (maks. poziom 3 Polskiej Ramy Kwalifikacji) w&nbsp;zakresie m.in.:<br>\n&nbsp;&nbsp;&nbsp;&nbsp;\u2013 rozumienia i&nbsp;tworzenia informacji,<br>\n&nbsp;&nbsp;&nbsp;&nbsp;\u2013 rozumowania matematycznego,<br>\n&nbsp;&nbsp;&nbsp;&nbsp;\u2013 umiej\u0119tno\u015bci cyfrowych,<br>\n&nbsp;&nbsp;&nbsp;&nbsp;\u2013 umiej\u0119tno\u015bci spo\u0142ecznych,<br>\n\u2022&nbsp;&nbsp;z&nbsp;w\u0142asnej inicjatywy chce podnie\u015b\u0107 swoje kompetencje,<br>\n\u2022&nbsp;&nbsp;nie uczestniczy\u0142a i&nbsp;nie uczestniczy w&nbsp;podobnym wsparciu w&nbsp;ramach Klub\u00f3w Rozwoju Cyfrowego (FERS),<br>\n\u2022&nbsp;&nbsp;nie bierze udzia\u0142u w&nbsp;kszta\u0142ceniu formalnym.<br><br>\n\n<strong>Kryteria premiuj\u0105ce (dodatkowe punkty w&nbsp;rekrutacji)<\/strong><br><br>\n\nPierwsze\u0144stwo w&nbsp;udziale maj\u0105 osoby znajduj\u0105ce si\u0119 w&nbsp;trudnej sytuacji, m.in.:<br><br>\n\n\u2022&nbsp;&nbsp;osoby z&nbsp;niepe\u0142nosprawno\u015bciami,<br>\n\u2022&nbsp;&nbsp;osoby bezrobotne,<br>\n\u2022&nbsp;&nbsp;osoby z&nbsp;wykszta\u0142ceniem poni\u017cej \u015bredniego,<br>\n\u2022&nbsp;&nbsp;osoby w&nbsp;wieku 55+,<br>\n\u2022&nbsp;&nbsp;osoby zagro\u017cone wykluczeniem mieszkaniowym lub w&nbsp;kryzysie bezdomno\u015bci,<br>\n\u2022&nbsp;&nbsp;osoby nale\u017c\u0105ce do mniejszo\u015bci lub grup marginalizowanych.<br><br>\n\n<strong>Jakie dokumenty nale\u017cy z\u0142o\u017cy\u0107?<\/strong><br><br>\n\nAby wzi\u0105\u0107 udzia\u0142 w&nbsp;rekrutacji, nale\u017cy z\u0142o\u017cy\u0107:<br><br>\n\n<strong>1. Formularz rekrutacyjny<\/strong><br><br>\n\n<strong>2. Dokumenty potwierdzaj\u0105ce spe\u0142nienie kryteri\u00f3w obligatoryjnych:<\/strong><br><br>\n\n\u2022&nbsp;&nbsp;dokument potwierdzaj\u0105cy wiek (lub o\u015bwiadczenie),<br>\n\u2022&nbsp;&nbsp;dokument potwierdzaj\u0105cy miejsce zamieszkania,<br>\n\u2022&nbsp;&nbsp;o\u015bwiadczenie o&nbsp;poziomie umiej\u0119tno\u015bci podstawowych,<br>\n\u2022&nbsp;&nbsp;kwestionariusz samooceny umiej\u0119tno\u015bci,<br>\n\u2022&nbsp;&nbsp;o\u015bwiadczenie o&nbsp;ch\u0119ci udzia\u0142u z&nbsp;w\u0142asnej inicjatywy,<br>\n\u2022&nbsp;&nbsp;o\u015bwiadczenie o&nbsp;zobowi\u0105zaniu do przekazania informacji po zako\u0144czeniu udzia\u0142u w&nbsp;projekcie.<br><br>\n\n<strong>3. Dokumenty potwierdzaj\u0105ce spe\u0142nienie kryteri\u00f3w premiuj\u0105cych (je\u015bli dotyczy):<\/strong><br><br>\n\n\u2022&nbsp;&nbsp;odpowiednie za\u015bwiadczenia lub o\u015bwiadczenia (np. o&nbsp;bezrobociu, niepe\u0142nosprawno\u015bci, wykszta\u0142ceniu, sytuacji \u017cyciowej).<br><br>\n\n<strong>4. Dodatkowo (je\u015bli dotyczy):<\/strong><br><br>\n\n\u2022&nbsp;&nbsp;kopia orzeczenia o&nbsp;niepe\u0142nosprawno\u015bci lub inny dokument medyczny,<br>\n\u2022&nbsp;&nbsp;inne dokumenty potwierdzaj\u0105ce szczeg\u00f3lny status (np. przynale\u017cno\u015b\u0107 do mniejszo\u015bci).<br><br>\n\n<strong>Gdzie z\u0142o\u017cy\u0107 dokumenty?<\/strong><br><br>\n\nDokumenty rekrutacyjne mo\u017cna sk\u0142ada\u0107 w&nbsp;Biurze Projektu przy ul. Augustowskiej 6C, 26-670 Pionki.<br><br>\n\nMo\u017cliwe formy sk\u0142adania:<br><br>\n\n\u2022&nbsp;&nbsp;osobi\u015bcie,<br>\n\u2022&nbsp;&nbsp;przez pe\u0142nomocnika,<br>\n\u2022&nbsp;&nbsp;poczt\u0105,<br>\n\u2022&nbsp;&nbsp;podczas spotka\u0144 informacyjnych.<br><br>\n\n<strong>W&nbsp;sprawach rekrutacji i&nbsp;udzia\u0142u w&nbsp;projekcie prosimy o&nbsp;kontakt:<\/strong><br><br>\n\nTel. 693&nbsp;841&nbsp;749, e-mail: <a href=\"mailto:biuro@mamyprawa.org\">biuro@mamyprawa.org<\/a><br><br>\n\n<strong>Wa\u017cne informacje<\/strong><br><br>\n\n\u2022&nbsp;&nbsp;udzia\u0142 w&nbsp;projekcie jest <strong>bezp\u0142atny i&nbsp;dobrowolny<\/strong>,<br>\n\u2022&nbsp;&nbsp;rekrutacja prowadzona jest w&nbsp;spos\u00f3b ci\u0105g\u0142y do wyczerpania miejsc,<br>\n\u2022&nbsp;&nbsp;samo z\u0142o\u017cenie dokument\u00f3w nie gwarantuje udzia\u0142u w&nbsp;projekcie,<br>\n\u2022&nbsp;&nbsp;o&nbsp;wynikach rekrutacji kandydaci zostan\u0105 poinformowani indywidualnie.<br><br>\n\n<strong>Co oferuje projekt?<\/strong><br><br>\n\nUczestnicy otrzymaj\u0105 wsparcie w&nbsp;postaci:<br><br>\n\n\u2022&nbsp;&nbsp;oceny umiej\u0119tno\u015bci i&nbsp;potrzeb uczestnik\u00f3w projektu \u2013 2 godz.\/1 UP<br>\n\u2022&nbsp;&nbsp;szkole\u0144 rozwijaj\u0105cych umiej\u0119tno\u015bci podstawowe \u2013 maksymalnie dwa szkolenia po 40 godz. zegarowych, obejmuj\u0105ce m.in.: umiej\u0119tno\u015bci cyfrowe (np. obs\u0142uga komputera, e-us\u0142ugi, bankowo\u015b\u0107 elektroniczna, media spo\u0142eczno\u015bciowe), rozumowanie matematyczne (np. bud\u017cet domowy, analiza koszt\u00f3w kredyt\u00f3w, planowanie wydatk\u00f3w), rozumienie i&nbsp;przetwarzanie informacji (np. analiza um\u00f3w, fake news\u00f3w, formularzy urz\u0119dowych), umiej\u0119tno\u015bci spo\u0142eczne (np. komunikacja interpersonalna, zarz\u0105dzanie stresem, asertywno\u015b\u0107)<br>\n\u2022&nbsp;&nbsp;indywidualnego wsparcia doradcy\/mentora \u2013 wspieranie post\u0119p\u00f3w uczenia si\u0119, motywowanie do rozwoju oraz om\u00f3wienie mo\u017cliwo\u015bci wykorzystania zdobytych umiej\u0119tno\u015bci \u2013 4 godz.\/1 UP<br>\n\u2022&nbsp;&nbsp;walidacji nabytych umiej\u0119tno\u015bci \u2013 potwierdzenie zdobytych kompetencji<br><br>\n\n<h5>Nie zwlekaj \u2013 podnie\u015b swoje kompetencje i&nbsp;skorzystaj z&nbsp;bezp\u0142atnego wsparcia!<\/h5><\/p>\t\t<\/div>\n\t\t\t\t<\/div>\n\t\t<div class=\"elementor-element elementor-element-a39db17 e-flex e-con-boxed e-con e-child\" data-id=\"a39db17\" data-element_type=\"container\">\n\t\t\t\t\t<div class=\"e-con-inner\">\n\t\t\t\t<div class=\"elementor-element elementor-element-2e6f649 elementor-widget elementor-widget-button\" data-id=\"2e6f649\" data-element_type=\"widget\" data-settings=\"{&quot;ekit_we_effect_on&quot;:&quot;none&quot;}\" data-widget_type=\"button.default\">\n\t\t\t\t<div class=\"elementor-widget-container\">\n\t\t\t\t\t<div class=\"elementor-button-wrapper\">\n\t\t\t<a class=\"elementor-button elementor-button-link elementor-size-sm\" href=\"https:\/\/mamyprawa.org\/wp-content\/uploads\/2026\/04\/Formularze-rekrutacyjne.pdf\">\n\t\t\t\t\t\t<span class=\"elementor-button-content-wrapper\">\n\t\t\t\t\t\t\t\t\t<span class=\"elementor-button-text\">Formularze rekrutacyjne<\/span>\n\t\t\t\t\t<\/span>\n\t\t\t\t\t<\/a>\n\t\t<\/div>\n\t\t\t\t<\/div>\n\t\t\t\t<\/div>\n\t\t\t\t<div class=\"elementor-element elementor-element-1beef2e elementor-widget elementor-widget-button\" data-id=\"1beef2e\" data-element_type=\"widget\" data-settings=\"{&quot;ekit_we_effect_on&quot;:&quot;none&quot;}\" data-widget_type=\"button.default\">\n\t\t\t\t<div class=\"elementor-widget-container\">\n\t\t\t\t\t<div class=\"elementor-button-wrapper\">\n\t\t\t<a class=\"elementor-button elementor-button-link elementor-size-sm\" href=\"https:\/\/mamyprawa.org\/wp-content\/uploads\/2026\/04\/Regulamin-rekrutacji-i-uczestnictwa-w-projekcie-20.02.2026.pdf\">\n\t\t\t\t\t\t<span class=\"elementor-button-content-wrapper\">\n\t\t\t\t\t\t\t\t\t<span class=\"elementor-button-text\">Regulamin rekrutacji<\/span>\n\t\t\t\t\t<\/span>\n\t\t\t\t\t<\/a>\n\t\t<\/div>\n\t\t\t\t<\/div>\n\t\t\t\t<\/div>\n\t\t\t\t\t<\/div>\n\t\t\t\t<\/div>\n\t\t\t\t<div class=\"elementor-element elementor-element-89b6450 elementor-widget elementor-widget-image\" data-id=\"89b6450\" data-element_type=\"widget\" data-settings=\"{&quot;ekit_we_effect_on&quot;:&quot;none&quot;}\" data-widget_type=\"image.default\">\n\t\t\t\t<div class=\"elementor-widget-container\">\n\t\t\t<style>\/*! elementor - v3.21.0 - 08-05-2024 *\/\n.elementor-widget-image{text-align:center}.elementor-widget-image a{display:inline-block}.elementor-widget-image a img[src$=\".svg\"]{width:48px}.elementor-widget-image img{vertical-align:middle;display:inline-block}<\/style>\t\t\t\t\t\t\t\t\t\t<img fetchpriority=\"high\" decoding=\"async\" width=\"1536\" height=\"152\" src=\"https:\/\/mamyprawa.org\/wp-content\/uploads\/2026\/04\/Poziomy-podstawowy-kolorowy-1536x152.jpg\" class=\"attachment-1536x1536 size-1536x1536 wp-image-14673\" alt=\"\" srcset=\"https:\/\/mamyprawa.org\/wp-content\/uploads\/2026\/04\/Poziomy-podstawowy-kolorowy-1536x152.jpg 1536w, https:\/\/mamyprawa.org\/wp-content\/uploads\/2026\/04\/Poziomy-podstawowy-kolorowy-300x30.jpg 300w, https:\/\/mamyprawa.org\/wp-content\/uploads\/2026\/04\/Poziomy-podstawowy-kolorowy-1024x102.jpg 1024w, https:\/\/mamyprawa.org\/wp-content\/uploads\/2026\/04\/Poziomy-podstawowy-kolorowy-768x76.jpg 768w, https:\/\/mamyprawa.org\/wp-content\/uploads\/2026\/04\/Poziomy-podstawowy-kolorowy-2048x203.jpg 2048w, https:\/\/mamyprawa.org\/wp-content\/uploads\/2026\/04\/Poziomy-podstawowy-kolorowy-600x60.jpg 600w\" sizes=\"(max-width: 1536px) 100vw, 1536px\" \/>\t\t\t\t\t\t\t\t\t\t\t\t\t<\/div>\n\t\t\t\t<\/div>\n\t\t\t\t<\/div>\n\t\t\t\t\t<\/div>\n\t\t<\/div>\n\t\t\t\t\t<\/div>\n\t\t<\/section>\n\t\t\t\t<\/div>\n\t\t","protected":false},"excerpt":{"rendered":"<p>Realizujemy programy dedykowane m\u0142odym osobom, kt\u00f3re dopiero rozpoczynaj\u0105 swoj\u0105 \u015bcie\u017ck\u0119 zawodow\u0105. Oferujemy mentorstwo, doradztwo zawodowe oraz mo\u017cliwo\u015bci praktyk zawodowych, aby pom\u00f3c im rozwija\u0107 swoje umiej\u0119tno\u015bci i zdobywa\u0107 do\u015bwiadczenie potrzebne do wej\u015bcia na rynek pracy.<\/p>\n","protected":false},"author":4,"featured_media":14680,"comment_status":"closed","ping_status":"open","sticky":false,"template":"","format":"audio","meta":{"_acf_changed":false,"om_disable_all_campaigns":false,"_monsterinsights_skip_tracking":false,"_monsterinsights_sitenote_active":false,"_monsterinsights_sitenote_note":"","_monsterinsights_sitenote_category":0,"footnotes":""},"categories":[29,26,25,19,1],"tags":[122,113],"class_list":["post-14671","post","type-post","status-publish","format-audio","has-post-thumbnail","hentry","category-aktualnosci","category-informacje","category-ogloszenie","category-projekty-krajowe","category-projekty-unijne","tag-mozliwosci","tag-projekty","post_format-post-format-audio"],"acf":[],"aioseo_notices":[],"_links":{"self":[{"href":"https:\/\/mamyprawa.org\/index.php?rest_route=\/wp\/v2\/posts\/14671","targetHints":{"allow":["GET"]}}],"collection":[{"href":"https:\/\/mamyprawa.org\/index.php?rest_route=\/wp\/v2\/posts"}],"about":[{"href":"https:\/\/mamyprawa.org\/index.php?rest_route=\/wp\/v2\/types\/post"}],"author":[{"embeddable":true,"href":"https:\/\/mamyprawa.org\/index.php?rest_route=\/wp\/v2\/users\/4"}],"replies":[{"embeddable":true,"href":"https:\/\/mamyprawa.org\/index.php?rest_route=%2Fwp%2Fv2%2Fcomments&post=14671"}],"version-history":[{"count":5,"href":"https:\/\/mamyprawa.org\/index.php?rest_route=\/wp\/v2\/posts\/14671\/revisions"}],"predecessor-version":[{"id":14681,"href":"https:\/\/mamyprawa.org\/index.php?rest_route=\/wp\/v2\/posts\/14671\/revisions\/14681"}],"wp:featuredmedia":[{"embeddable":true,"href":"https:\/\/mamyprawa.org\/index.php?rest_route=\/wp\/v2\/media\/14680"}],"wp:attachment":[{"href":"https:\/\/mamyprawa.org\/index.php?rest_route=%2Fwp%2Fv2%2Fmedia&parent=14671"}],"wp:term":[{"taxonomy":"category","embeddable":true,"href":"https:\/\/mamyprawa.org\/index.php?rest_route=%2Fwp%2Fv2%2Fcategories&post=14671"},{"taxonomy":"post_tag","embeddable":true,"href":"https:\/\/mamyprawa.org\/index.php?rest_route=%2Fwp%2Fv2%2Ftags&post=14671"}],"curies":[{"name":"wp","href":"https:\/\/api.w.org\/{rel}","templated":true}]}}